{"id":93609,"date":"2024-12-23T10:46:31","date_gmt":"2024-12-23T10:46:31","guid":{"rendered":"https:\/\/sportmaniaticos.com\/?p=93609"},"modified":"2024-12-23T10:46:32","modified_gmt":"2024-12-23T10:46:32","slug":"el-manager-de-franco-colapinto-llama-a-la-reflexion-correctivo-a-la-prensa-ante-rumores-inexactos","status":"publish","type":"post","link":"https:\/\/sportmaniaticos.com\/?p=93609","title":{"rendered":"El Manager de Franco Colapinto Llama a la Reflexi\u00f3n: Correctivo a la Prensa ante Rumores Inexactos"},"content":{"rendered":"\n<figure class=\"wp-block-image size-large\"><img fetchpriority=\"high\" decoding=\"async\" width=\"1024\" height=\"767\" src=\"https:\/\/sportmaniaticos.com\/wp-content\/uploads\/2024\/12\/zlkokrhlv_1290x760__1.jpg_1627144639-1024x767.jpg\" alt=\"\" class=\"wp-image-93610\" srcset=\"https:\/\/sportmaniaticos.com\/wp-content\/uploads\/2024\/12\/zlkokrhlv_1290x760__1.jpg_1627144639-1024x767.jpg 1024w, https:\/\/sportmaniaticos.com\/wp-content\/uploads\/2024\/12\/zlkokrhlv_1290x760__1.jpg_1627144639-300x225.jpg 300w, https:\/\/sportmaniaticos.com\/wp-content\/uploads\/2024\/12\/zlkokrhlv_1290x760__1.jpg_1627144639-768x575.jpg 768w, https:\/\/sportmaniaticos.com\/wp-content\/uploads\/2024\/12\/zlkokrhlv_1290x760__1.jpg_1627144639.jpg 1290w\" sizes=\"(max-width: 1024px) 100vw, 1024px\" \/><\/figure>\n\n\n\n<p class=\"has-text-align-center\"><em>imagen:https:\/\/www.directvsports.com\/<\/em><\/p>\n\n\n\n<p>La F\u00f3rmula 1 no solo se vive en las pistas, tambi\u00e9n en los despachos, negociaciones y titulares de la prensa. En las \u00faltimas horas, el entorno de Franco Colapinto, encabezado por su manager, ha tenido que alzar la voz ante una ola de publicaciones que daban por hecho su ausencia en las primeras carreras de la temporada 2025. Este episodio ha dejado en evidencia una brecha entre el rigor period\u00edstico y el af\u00e1n de primicia.<\/p>\n\n\n\n<h3 class=\"wp-block-heading\"><strong>Una Ola de Informaci\u00f3n Inexacta<\/strong><\/h3>\n\n\n\n<p>El entorno de Colapinto, a trav\u00e9s de declaraciones del propio manager, ha denunciado que algunos medios distorsionaron palabras del piloto y fabricaron una narrativa sin bases s\u00f3lidas. Entre las afirmaciones desmentidas destacan:<\/p>\n\n\n\n<ul class=\"wp-block-list\">\n<li>Que Colapinto no competir\u00eda en las primeras carreras de 2025.<\/li>\n\n\n\n<li>Que su futuro ya estaba decidido y que no tendr\u00eda butaca titular en la F\u00f3rmula 1.<\/li>\n<\/ul>\n\n\n\n<p>Fox Sports Argentina y otros medios internacionales fueron se\u00f1alados por anticiparse a los hechos sin una confirmaci\u00f3n oficial. Seg\u00fan el manager del piloto, estas publicaciones no solo carec\u00edan de sustento, sino que da\u00f1aron la imagen y la moral del piloto en un momento crucial de su carrera.<\/p>\n\n\n\n<h3 class=\"wp-block-heading\"><strong>Un Correctivo Necesario<\/strong><\/h3>\n\n\n\n<p>El representante de Colapinto utiliz\u00f3 palabras contundentes para poner en su lugar a la prensa:<\/p>\n\n\n\n<ul class=\"wp-block-list\">\n<li>&#8220;Es impresionante ver c\u00f3mo, por intentar sacar la noticia antes, han vuelto a caer en la misma trampa. Esto no es informaci\u00f3n, es ficci\u00f3n.&#8221;<\/li>\n\n\n\n<li>&#8220;El tiempo explicar\u00e1 lo que realmente sucede. No siempre tienes que contar tu versi\u00f3n de los hechos antes de que todo est\u00e9 claro.&#8221;<\/li>\n<\/ul>\n\n\n\n<p>Estas declaraciones apuntan no solo a la responsabilidad \u00e9tica de los medios, sino tambi\u00e9n a la necesidad de respetar los procesos internos de negociaci\u00f3n que atraviesan los pilotos en momentos clave.<\/p>\n\n\n\n<h3 class=\"wp-block-heading\"><strong>El Contexto Real: Negociaciones en Proceso<\/strong><\/h3>\n\n\n\n<p>Lejos de estar resuelto, el futuro de Franco Colapinto parece estar en una etapa cr\u00edtica de negociaci\u00f3n. Informaciones recientes apuntan a que:<\/p>\n\n\n\n<ul class=\"wp-block-list\">\n<li>Williams habr\u00eda dado un plazo de 24 horas a Alpine para decidirse sobre el piloto argentino.<\/li>\n\n\n\n<li>La relaci\u00f3n entre James Vowles, jefe de Williams, y los representantes de Colapinto ha estado marcada por complicaciones econ\u00f3micas. Se habla de una suma importante como obst\u00e1culo para liberar al piloto de su contrato actual.<\/li>\n<\/ul>\n\n\n\n<p>Por otro lado, Flavio Briatore, una figura clave en este entramado, ha mantenido su postura reservada, dando se\u00f1ales de que el proceso est\u00e1 lejos de cerrarse. En sus palabras recientes: \u201cSi hubiera oportunidad de fichar a Colapinto en 2026, habr\u00eda que pensarlo\u201d, sugiriendo que las negociaciones siguen abiertas, aunque con cautela.<\/p>\n\n\n\n<h3 class=\"wp-block-heading\"><strong>El Efecto en la Comunidad<\/strong><\/h3>\n\n\n\n<p>El impacto de esta situaci\u00f3n no se limita a las negociaciones. La comunidad de fan\u00e1ticos del piloto argentino ha reaccionado con fuerza:<\/p>\n\n\n\n<ul class=\"wp-block-list\">\n<li>Encuestas realizadas por Esport Mani\u00e1ticos muestran un amplio respaldo a la cobertura objetiva del medio, con un 95% de apoyo frente a un 5% que consider\u00f3 que hab\u00eda &#8220;humo&#8221; en las informaciones.<\/li>\n\n\n\n<li>Las redes sociales han sido escenario de debates apasionados, con mensajes masivos en apoyo a Colapinto y cr\u00edticas a los medios que, seg\u00fan los fans, han sido irresponsables en su cobertura.<\/li>\n<\/ul>\n\n\n\n<h3 class=\"wp-block-heading\"><strong>El Valor del Respeto en el Periodismo Deportivo<\/strong><\/h3>\n\n\n\n<p>Este episodio subraya un problema recurrente en la cobertura medi\u00e1tica de la F\u00f3rmula 1: la lucha por ser los primeros en informar, incluso a costa de la precisi\u00f3n y el respeto hacia los involucrados. La difusi\u00f3n de rumores no confirmados puede tener consecuencias graves para la reputaci\u00f3n de los pilotos y la percepci\u00f3n p\u00fablica de sus carreras.<\/p>\n\n\n\n<p>El manager de Colapinto, al recalcar la importancia del tiempo y los anuncios oficiales, ha recordado que la informaci\u00f3n debe manejarse con responsabilidad. Decisiones anticipadas y titulares apresurados pueden distorsionar una realidad a\u00fan en construcci\u00f3n.<\/p>\n\n\n\n<h3 class=\"wp-block-heading\"><strong>Perspectivas para el Futuro<\/strong><\/h3>\n\n\n\n<p>El desenlace de esta historia se espera en los pr\u00f3ximos d\u00edas, cuando las negociaciones lleguen a su etapa final. Mientras tanto, la esperanza sigue viva para los seguidores de Franco Colapinto, quienes conf\u00edan en verlo competir como piloto titular en la temporada 2025.<\/p>\n\n\n\n<p>Independientemente del resultado, este caso deja una lecci\u00f3n importante sobre la necesidad de equilibrio entre la cobertura medi\u00e1tica y el respeto por los protagonistas. En el mundo competitivo y medi\u00e1tico de la F\u00f3rmula 1, los verdaderos ganadores son aquellos que logran mantener la integridad frente a la presi\u00f3n.<\/p>\n\n\n\n<p>Seguiremos atentos a las noticias oficiales y confiamos en que el futuro de Franco Colapinto se aclare pronto, con un desenlace que beneficie su carrera y mantenga viva la ilusi\u00f3n de sus miles de seguidores.<\/p>\n\u00e7\n<iframe width=\"560\" height=\"315\" src=\"https:\/\/www.youtube.com\/embed\/WYqiycmjxoQ?si=adDwxUKufPN_bGk-\" title=\"YouTube video player\" frameborder=\"0\" allow=\"accelerometer; autoplay; clipboard-write; encrypted-media; gyroscope; picture-in-picture; web-share\" referrerpolicy=\"strict-origin-when-cross-origin\" allowfullscreen><\/iframe>","protected":false},"excerpt":{"rendered":"<p>imagen:https:\/\/www.directvsports.com\/ La F\u00f3rmula 1 no solo se vive en las pistas, tambi\u00e9n en los despachos, negociaciones y titulares de la prensa. En las \u00faltimas horas, el entorno de Franco Colapinto, encabezado por su manager, ha tenido que alzar la voz ante una ola de publicaciones que daban por hecho su ausencia en las primeras carreras [&hellip;]<\/p>\n","protected":false},"author":2,"featured_media":93610,"comment_status":"open","ping_status":"closed","sticky":false,"template":"","format":"standard","meta":{"footnotes":""},"categories":[50,36,49],"tags":[],"class_list":["post-93609","post","type-post","status-publish","format-standard","has-post-thumbnail","hentry","category-equipos-y-pilotos-f1","category-formula-1","category-noticias-formula-1"],"aioseo_notices":[],"_links":{"self":[{"href":"https:\/\/sportmaniaticos.com\/index.php?rest_route=\/wp\/v2\/posts\/93609","targetHints":{"allow":["GET"]}}],"collection":[{"href":"https:\/\/sportmaniaticos.com\/index.php?rest_route=\/wp\/v2\/posts"}],"about":[{"href":"https:\/\/sportmaniaticos.com\/index.php?rest_route=\/wp\/v2\/types\/post"}],"author":[{"embeddable":true,"href":"https:\/\/sportmaniaticos.com\/index.php?rest_route=\/wp\/v2\/users\/2"}],"replies":[{"embeddable":true,"href":"https:\/\/sportmaniaticos.com\/index.php?rest_route=%2Fwp%2Fv2%2Fcomments&post=93609"}],"version-history":[{"count":2,"href":"https:\/\/sportmaniaticos.com\/index.php?rest_route=\/wp\/v2\/posts\/93609\/revisions"}],"predecessor-version":[{"id":93612,"href":"https:\/\/sportmaniaticos.com\/index.php?rest_route=\/wp\/v2\/posts\/93609\/revisions\/93612"}],"wp:featuredmedia":[{"embeddable":true,"href":"https:\/\/sportmaniaticos.com\/index.php?rest_route=\/wp\/v2\/media\/93610"}],"wp:attachment":[{"href":"https:\/\/sportmaniaticos.com\/index.php?rest_route=%2Fwp%2Fv2%2Fmedia&parent=93609"}],"wp:term":[{"taxonomy":"category","embeddable":true,"href":"https:\/\/sportmaniaticos.com\/index.php?rest_route=%2Fwp%2Fv2%2Fcategories&post=93609"},{"taxonomy":"post_tag","embeddable":true,"href":"https:\/\/sportmaniaticos.com\/index.php?rest_route=%2Fwp%2Fv2%2Ftags&post=93609"}],"curies":[{"name":"wp","href":"https:\/\/api.w.org\/{rel}","templated":true}]}}