{"id":92759,"date":"2023-12-08T15:18:40","date_gmt":"2023-12-08T15:18:40","guid":{"rendered":"https:\/\/sportmaniaticos.com\/?p=92759"},"modified":"2023-12-08T15:18:41","modified_gmt":"2023-12-08T15:18:41","slug":"aston-martin-no-sera-como-alpine","status":"publish","type":"post","link":"https:\/\/sportmaniaticos.com\/?p=92759","title":{"rendered":"Aston Martin no ser\u00e1 como Alpine"},"content":{"rendered":"<p>El equipo Aston Martin ha dejado claro que la edad no ser\u00e1 un factor determinante al considerar la posible renovaci\u00f3n del contrato con Fernando Alonso. A sus 42 a\u00f1os, el bicampe\u00f3n mundial de F1 tiene un a\u00f1o m\u00e1s de contrato con el equipo brit\u00e1nico, que opt\u00f3 por Alonso cuando Alpine estaba en negociaciones para renovar el compromiso del piloto espa\u00f1ol con la escuder\u00eda francesa.<\/p>\n<h2>Excepcional Rendimiento de Alonso en Aston Martin<\/h2>\n<p>La satisfacci\u00f3n en Aston Martin respecto al rendimiento de Fernando Alonso en la temporada 2023 es evidente. Terminando en cuarta posici\u00f3n en la clasificaci\u00f3n general de pilotos con 206 puntos y logrando ocho podios, Alonso contribuy\u00f3 a que Aston Martin se destacara como el equipo revelaci\u00f3n de la temporada, culminando en Abu Dabi a finales de noviembre.<\/p>\n<p><strong>&#8220;Por supuesto que s\u00ed pensamos en renovar a Alonso. Nuestra respuesta a esta cuesti\u00f3n no puede ser m\u00e1s clara. Y la verdad es que no me preocupa la edad de Alonso&#8221;<\/strong>, afirm\u00f3 Mike Krack, jefe de equipo de Aston Martin, al abordar la posibilidad de extender el contrato de Alonso.<\/p>\n<h2>La Edad como un N\u00famero Irrelevante<\/h2>\n<p>Mike Krack enfatiz\u00f3 que la edad de Alonso no es una preocupaci\u00f3n para el equipo y compar\u00f3 su caso con deportistas de otras disciplinas que han tenido carreras prolongadas. <strong>&#8220;Valentino Rossi o Roger Federer tuvieron carreras deportivas muy largas. Y al nivel al que est\u00e1 trabajando Fernando, creo que su edad es solo un n\u00famero. Con la disciplina y la motivaci\u00f3n adecuadas, rendir\u00e1 sin problemas&#8221;<\/strong>, destac\u00f3 Krack.<\/p>\n<h2>Contraste con la Postura de Alpine<\/h2>\n<p>Esta posici\u00f3n contrasta con la situaci\u00f3n que vivi\u00f3 Alonso con Alpine, donde la paciencia se agot\u00f3 en las negociaciones de renovaci\u00f3n. Mientras Aston Martin muestra confianza en la longevidad de Alonso, otros ven su carrera extendi\u00e9ndose a\u00fan m\u00e1s all\u00e1. En una entrevista con Mundo Deportivo, Emerson Fittipaldi sugiere que Fernando podr\u00eda competir hasta los 49 a\u00f1os, bas\u00e1ndose en su propia experiencia como piloto.<\/p>\n<p><strong>&#8220;Fernando est\u00e1 muy bien f\u00edsicamente, y mentalmente tambi\u00e9n, tiene mucha garra para ganar y tiene la motivaci\u00f3n. Es como un le\u00f3n. Es un le\u00f3n en los circuitos. Est\u00e1 all\u00ed para atacar. Termina siempre muy bien las carreras. En Am\u00e9rica decimos que pilotos como Alonso son carreristas&#8221;<\/strong>, expres\u00f3 Fittipaldi.<\/p>\n<p>La incertidumbre sobre el futuro de Fernando Alonso agrega emoci\u00f3n a la temporada, y los aficionados esperan ver si Aston Martin extiende su contrato m\u00e1s all\u00e1 del pr\u00f3ximo a\u00f1o.<\/p>\n","protected":false},"excerpt":{"rendered":"<p>El equipo Aston Martin ha dejado claro que la edad no ser\u00e1 un factor determinante al considerar la posible renovaci\u00f3n del contrato con Fernando Alonso. A sus 42 a\u00f1os, el bicampe\u00f3n mundial de F1 tiene un a\u00f1o m\u00e1s de contrato con el equipo brit\u00e1nico, que opt\u00f3 por Alonso cuando Alpine estaba en negociaciones para renovar [&hellip;]<\/p>\n","protected":false},"author":12,"featured_media":92760,"comment_status":"open","ping_status":"closed","sticky":false,"template":"","format":"standard","meta":{"footnotes":""},"categories":[50,81,36,49],"tags":[],"class_list":["post-92759","post","type-post","status-publish","format-standard","has-post-thumbnail","hentry","category-equipos-y-pilotos-f1","category-equipos-y-pilotos","category-formula-1","category-noticias-formula-1"],"aioseo_notices":[],"_links":{"self":[{"href":"https:\/\/sportmaniaticos.com\/index.php?rest_route=\/wp\/v2\/posts\/92759","targetHints":{"allow":["GET"]}}],"collection":[{"href":"https:\/\/sportmaniaticos.com\/index.php?rest_route=\/wp\/v2\/posts"}],"about":[{"href":"https:\/\/sportmaniaticos.com\/index.php?rest_route=\/wp\/v2\/types\/post"}],"author":[{"embeddable":true,"href":"https:\/\/sportmaniaticos.com\/index.php?rest_route=\/wp\/v2\/users\/12"}],"replies":[{"embeddable":true,"href":"https:\/\/sportmaniaticos.com\/index.php?rest_route=%2Fwp%2Fv2%2Fcomments&post=92759"}],"version-history":[{"count":1,"href":"https:\/\/sportmaniaticos.com\/index.php?rest_route=\/wp\/v2\/posts\/92759\/revisions"}],"predecessor-version":[{"id":92761,"href":"https:\/\/sportmaniaticos.com\/index.php?rest_route=\/wp\/v2\/posts\/92759\/revisions\/92761"}],"wp:featuredmedia":[{"embeddable":true,"href":"https:\/\/sportmaniaticos.com\/index.php?rest_route=\/wp\/v2\/media\/92760"}],"wp:attachment":[{"href":"https:\/\/sportmaniaticos.com\/index.php?rest_route=%2Fwp%2Fv2%2Fmedia&parent=92759"}],"wp:term":[{"taxonomy":"category","embeddable":true,"href":"https:\/\/sportmaniaticos.com\/index.php?rest_route=%2Fwp%2Fv2%2Fcategories&post=92759"},{"taxonomy":"post_tag","embeddable":true,"href":"https:\/\/sportmaniaticos.com\/index.php?rest_route=%2Fwp%2Fv2%2Ftags&post=92759"}],"curies":[{"name":"wp","href":"https:\/\/api.w.org\/{rel}","templated":true}]}}