{"id":92538,"date":"2023-12-05T12:59:12","date_gmt":"2023-12-05T12:59:12","guid":{"rendered":"https:\/\/sportmaniaticos.com\/?p=92538"},"modified":"2023-12-06T11:14:47","modified_gmt":"2023-12-06T11:14:47","slug":"madrid-se-aduena-del-asfalto-la-f1-se-rinde-ante-la-capital-espanola","status":"publish","type":"post","link":"https:\/\/sportmaniaticos.com\/?p=92538","title":{"rendered":"\u00a1Madrid se Adue\u00f1a del Asfalto! La F1 Se Rinde Ante la Capital Espa\u00f1ola"},"content":{"rendered":"\n\nLa emoci\u00f3n de la velocidad y la competici\u00f3n se palpa en el ambiente de la capital espa\u00f1ola. <strong>Madrid se prepara para recibir el rugido de los motores de la F\u00f3rmula 1<\/strong>, una noticia que ha revolucionado el panorama deportivo y econ\u00f3mico de la regi\u00f3n. Tras intensas negociaciones, parece que el Gran Premio de Madrid se convertir\u00e1 en una vibrante realidad a partir de 2026.\n\n <div class=\"wp-block-image size-full wp-image-92540\">\n<figure class=\"aligncenter\"><img fetchpriority=\"high\" decoding=\"async\" width=\"366\" height=\"348\" class=\"wp-image-92540\" src=\"https:\/\/sportmaniaticos.com\/wp-content\/uploads\/2023\/12\/dsaghjy.png\" alt=\"\" srcset=\"https:\/\/sportmaniaticos.com\/wp-content\/uploads\/2023\/12\/dsaghjy.png 366w, https:\/\/sportmaniaticos.com\/wp-content\/uploads\/2023\/12\/dsaghjy-300x285.png 300w\" sizes=\"(max-width: 366px) 100vw, 366px\" \/>\n<figcaption class=\"wp-element-caption\"><em>foto twitter circuit catalunya<\/em><\/figcaption><\/figure>\n<\/div> \n\nLa capital ha demostrado su capacidad para albergar eventos de gran envergadura, y ahora, con la F\u00f3rmula 1 en el horizonte, Madrid se postula como un epicentro de la alta competici\u00f3n automovil\u00edstica. <strong>La ciudad ya ha experimentado la adrenalina<\/strong> con una exhibici\u00f3n de coches de alta competici\u00f3n, pero lo que se avecina promete ser a\u00fan m\u00e1s espectacular.\n\n \n<h2 class=\"wp-block-heading\">Madrid vs Barcelona: Una Carrera por la F1<\/h2>\n \n\nEl escenario para este evento de talla mundial se debate entre Ifema y Valdebebas, con una inversi\u00f3n que podr\u00eda alcanzar los 57 millones de d\u00f3lares. Este desembolso, lejos de ser una carga, se vislumbra como una inversi\u00f3n con retorno, con estimaciones que apuntan a <strong>500 millones de euros anuales en ingresos para la ciudad<\/strong>. La F\u00f3rmula 1 no solo trae consigo el fulgor de los monoplazas, sino tambi\u00e9n una oleada de oportunidades econ\u00f3micas.\n\n \n\nBarcelona, con su emblem\u00e1tico Circuito de Montmel\u00f3, podr\u00eda verse afectada por esta nueva sede madrile\u00f1a. La continuidad de la carrera en la Ciudad Condal pende de un hilo ante la posibilidad de que Espa\u00f1a albergue dos Grandes Premios. Liberty Media, el promotor del evento, muestra reticencias, y el futuro de la F1 en Barcelona es incierto.\n\n \n<h3 class=\"wp-block-heading\">Una Competici\u00f3n con Sello Privado<\/h3>\n \n\nLa diferencia entre los impulsores de ambos eventos es notable. Mientras que en Barcelona la organizaci\u00f3n recae en un consorcio p\u00fablico, Madrid avanza con el \u00edmpetu de la iniciativa privada. <strong>La agilidad y financiaci\u00f3n privada<\/strong> podr\u00edan ser las claves que decanten la balanza a favor de la capital, dando un nuevo giro a la historia de la F\u00f3rmula 1 en Espa\u00f1a.\n\n \n\nLa posibilidad de que Madrid se convierta en un nuevo \u00edcono de la F1 no solo es una cuesti\u00f3n de deporte, sino tambi\u00e9n de orgullo y desarrollo. La capital se posiciona en la parrilla de salida, lista para acelerar hacia un futuro de \u00e9xito y emoci\u00f3n.\n\n \n<h2 class=\"wp-block-heading\">Impacto Econ\u00f3mico y Visi\u00f3n de Futuro<\/h2>\n \n\nLa visi\u00f3n de futuro que acompa\u00f1a a la llegada de la F\u00f3rmula 1 a Madrid es clara. Con un impacto econ\u00f3mico que podr\u00eda ser monumental, la ciudad se prepara para una transformaci\u00f3n que trasciende el asfalto. <strong>La F1 es m\u00e1s que una carrera, es un motor de cambio<\/strong> para la Comunidad de Madrid y sus habitantes.\n\n \n\nEl debate sobre la viabilidad de dos Grandes Premios en Espa\u00f1a sigue abierto, pero lo que es indiscutible es el entusiasmo que despierta la posibilidad de que Madrid se sume al exclusivo club de ciudades anfitrionas de la F1. La expectaci\u00f3n es m\u00e1xima y el sem\u00e1foro est\u00e1 a punto de cambiar a verde para la capital.\n\n <div class=\"wp-block-image size-full wp-image-92539\">\n<figure class=\"aligncenter\"><img decoding=\"async\" width=\"777\" height=\"437\" class=\"wp-image-92539\" src=\"https:\/\/sportmaniaticos.com\/wp-content\/uploads\/2023\/12\/sat4.png\" alt=\"\" srcset=\"https:\/\/sportmaniaticos.com\/wp-content\/uploads\/2023\/12\/sat4.png 777w, https:\/\/sportmaniaticos.com\/wp-content\/uploads\/2023\/12\/sat4-300x169.png 300w, https:\/\/sportmaniaticos.com\/wp-content\/uploads\/2023\/12\/sat4-768x432.png 768w\" sizes=\"(max-width: 777px) 100vw, 777px\" \/>\n<figcaption class=\"wp-element-caption\">foto: formula1.com<\/figcaption><\/figure>\n<\/div> \n\nPara aquellos interesados en el panorama actual de la F1 y el apoyo a nuestros pilotos hispanos, les recomendamos leer m\u00e1s sobre <a href=\"https:\/\/sportmaniaticos.com\/alerta-en-la-f1-sergio-perez-lanza-un-poderoso-mensaje-sobre-el-futuro-del-deporte\/\" target=\"_blank\" rel=\"noreferrer noopener\">las declaraciones de Sergio P\u00e9rez<\/a> y la situaci\u00f3n de <a href=\"https:\/\/sportmaniaticos.com\/fernando-alonso-seguira-pero-esta-al-borde-del-adios-descubre-la-razon-detras-de-su-posible-retirada\/\" target=\"_blank\" rel=\"noreferrer noopener\">Fernando Alonso<\/a> en nuestro deporte favorito.\n\n","protected":false},"excerpt":{"rendered":"<p>La emoci\u00f3n de la velocidad y la competici\u00f3n se palpa en el ambiente de la capital espa\u00f1ola. Madrid se prepara para recibir el rugido de los motores de la F\u00f3rmula 1, una noticia que ha revolucionado el panorama deportivo y econ\u00f3mico de la regi\u00f3n. Tras intensas negociaciones, parece que el Gran Premio de Madrid se [&hellip;]<\/p>\n","protected":false},"author":2,"featured_media":92539,"comment_status":"open","ping_status":"closed","sticky":false,"template":"","format":"standard","meta":{"footnotes":""},"categories":[36,49],"tags":[],"class_list":["post-92538","post","type-post","status-publish","format-standard","has-post-thumbnail","hentry","category-formula-1","category-noticias-formula-1"],"aioseo_notices":[],"_links":{"self":[{"href":"https:\/\/sportmaniaticos.com\/index.php?rest_route=\/wp\/v2\/posts\/92538","targetHints":{"allow":["GET"]}}],"collection":[{"href":"https:\/\/sportmaniaticos.com\/index.php?rest_route=\/wp\/v2\/posts"}],"about":[{"href":"https:\/\/sportmaniaticos.com\/index.php?rest_route=\/wp\/v2\/types\/post"}],"author":[{"embeddable":true,"href":"https:\/\/sportmaniaticos.com\/index.php?rest_route=\/wp\/v2\/users\/2"}],"replies":[{"embeddable":true,"href":"https:\/\/sportmaniaticos.com\/index.php?rest_route=%2Fwp%2Fv2%2Fcomments&post=92538"}],"version-history":[{"count":2,"href":"https:\/\/sportmaniaticos.com\/index.php?rest_route=\/wp\/v2\/posts\/92538\/revisions"}],"predecessor-version":[{"id":92619,"href":"https:\/\/sportmaniaticos.com\/index.php?rest_route=\/wp\/v2\/posts\/92538\/revisions\/92619"}],"wp:featuredmedia":[{"embeddable":true,"href":"https:\/\/sportmaniaticos.com\/index.php?rest_route=\/wp\/v2\/media\/92539"}],"wp:attachment":[{"href":"https:\/\/sportmaniaticos.com\/index.php?rest_route=%2Fwp%2Fv2%2Fmedia&parent=92538"}],"wp:term":[{"taxonomy":"category","embeddable":true,"href":"https:\/\/sportmaniaticos.com\/index.php?rest_route=%2Fwp%2Fv2%2Fcategories&post=92538"},{"taxonomy":"post_tag","embeddable":true,"href":"https:\/\/sportmaniaticos.com\/index.php?rest_route=%2Fwp%2Fv2%2Ftags&post=92538"}],"curies":[{"name":"wp","href":"https:\/\/api.w.org\/{rel}","templated":true}]}}