{"id":84334,"date":"2023-10-15T11:40:31","date_gmt":"2023-10-15T09:40:31","guid":{"rendered":"https:\/\/sportmaniaticos.com\/?p=84334"},"modified":"2023-10-15T11:40:31","modified_gmt":"2023-10-15T09:40:31","slug":"los-aficionados-se-enfadan-con-redbull-por-el-gp-de-mexico","status":"publish","type":"post","link":"https:\/\/sportmaniaticos.com\/?p=84334","title":{"rendered":"Los aficionados se enfadan con Redbull por el GP de M\u00e9xico"},"content":{"rendered":"\n<p>Los dise\u00f1os del equipo RedBull para Sergio P\u00e9rez y el GP de M\u00e9xico no gustaron mucho, os los ense\u00f1amos as\u00ed como las reacciones de la afici\u00f3n en redes sociales. Tambi\u00e9n es noticia: <a href=\"https:\/\/sportmaniaticos.com\/redbull-sale-en-defensa-de-perez-reunion-con-helmut-marko-para-despedirlo-esta-semana\/\" title=\"\">El despido de Helmut Marko RedBull.<\/a><\/p>\n\n\n<h2>El Desaf\u00edo de la Mercanc\u00eda de Checo P\u00e9rez: Reacciones y Controversias<\/h2>\n<p>Recientemente, la escuder\u00eda Red Bull decidi\u00f3 compartir im\u00e1genes de la mercanc\u00eda que tendr\u00e1n para el Gran Premio de M\u00e9xico, dedicada al piloto mexicano Sergio &#8220;Checo&#8221; P\u00e9rez. Esta decisi\u00f3n ha generado diversas reacciones en las redes sociales, algunas de las cuales han sido menos que positivas.<\/p>\n<p><img fetchpriority=\"high\" decoding=\"async\" class=\"size-full wp-image-84337 aligncenter\" src=\"https:\/\/sportmaniaticos.com\/wp-content\/uploads\/2023\/10\/sfadgvagaz-1.png\" alt=\"gp mexico mercancia checoperez\" width=\"823\" height=\"1015\" srcset=\"https:\/\/sportmaniaticos.com\/wp-content\/uploads\/2023\/10\/sfadgvagaz-1.png 823w, https:\/\/sportmaniaticos.com\/wp-content\/uploads\/2023\/10\/sfadgvagaz-1-243x300.png 243w, https:\/\/sportmaniaticos.com\/wp-content\/uploads\/2023\/10\/sfadgvagaz-1-768x947.png 768w\" sizes=\"(max-width: 823px) 100vw, 823px\" \/><\/p>\n<h2>La Mercanc\u00eda de Checo P\u00e9rez: Un Movimiento Pol\u00e9mico<\/h2>\n<p>Red Bull decidi\u00f3 lanzar una l\u00ednea de mercanc\u00eda especial dedicada a Checo P\u00e9rez de cara al Gran Premio de M\u00e9xico. Esta decisi\u00f3n llega en un momento interesante, ya que el nombre del piloto mexicano ha estado en el centro de la tormenta <strong>debido a los rumores sobre su posible salida de la escuder\u00eda austriaca<\/strong>.<\/p>\n<p>La idea de lucrar con la imagen del piloto tapat\u00edo en la v\u00edspera del Gran Premio de M\u00e9xico ha causado cierta molestia entre los internautas. La mercanc\u00eda incluye camisetas, sudaderas y gorras que hacen referencia a Checo, adornadas con colores que identifican a los mexicanos, que no gustaron por su dise\u00f1o.<\/p>\n<p>Esta decisi\u00f3n de Red Bull no es \u00fanica. Equipos de F\u00f3rmula 1 como McLaren, Aston Martin y Ferrari tambi\u00e9n han lanzado mercanc\u00eda especial para el GP de M\u00e9xico, uno de los eventos m\u00e1s esperados por los aficionados al deporte motor.<\/p>\n<p><img decoding=\"async\" class=\"aligncenter size-full wp-image-84336\" src=\"https:\/\/sportmaniaticos.com\/wp-content\/uploads\/2023\/10\/dagdagagd-1.png\" alt=\"\" width=\"1200\" height=\"1380\" srcset=\"https:\/\/sportmaniaticos.com\/wp-content\/uploads\/2023\/10\/dagdagagd-1.png 1200w, https:\/\/sportmaniaticos.com\/wp-content\/uploads\/2023\/10\/dagdagagd-1-261x300.png 261w, https:\/\/sportmaniaticos.com\/wp-content\/uploads\/2023\/10\/dagdagagd-1-890x1024.png 890w, https:\/\/sportmaniaticos.com\/wp-content\/uploads\/2023\/10\/dagdagagd-1-768x883.png 768w\" sizes=\"(max-width: 1200px) 100vw, 1200px\" \/><\/p>\n<p><img decoding=\"async\" class=\"aligncenter size-full wp-image-84335\" src=\"https:\/\/sportmaniaticos.com\/wp-content\/uploads\/2023\/10\/dgdagadgag-1.png\" alt=\"\" width=\"1169\" height=\"1475\" srcset=\"https:\/\/sportmaniaticos.com\/wp-content\/uploads\/2023\/10\/dgdagadgag-1.png 1169w, https:\/\/sportmaniaticos.com\/wp-content\/uploads\/2023\/10\/dgdagadgag-1-238x300.png 238w, https:\/\/sportmaniaticos.com\/wp-content\/uploads\/2023\/10\/dgdagadgag-1-812x1024.png 812w, https:\/\/sportmaniaticos.com\/wp-content\/uploads\/2023\/10\/dgdagadgag-1-768x969.png 768w\" sizes=\"(max-width: 1169px) 100vw, 1169px\" \/><\/p>\n<h2>Apoyo a Checo P\u00e9rez<\/h2>\n<p>A pesar de las controversias, es importante recordar el talento y la dedicaci\u00f3n de Checo P\u00e9rez. Este piloto ha demostrado ser un verdadero guerrero en la pista, luchando por cada victoria y representando a M\u00e9xico con orgullo.<\/p>\n<ul>\n<li><b>Checo P\u00e9rez es un piloto de F1 con una gran determinaci\u00f3n<\/b>. A pesar de los rumores y las especulaciones, \u00e9l se mantiene enfocado en su objetivo principal: ganar el campeonato alg\u00fan d\u00eda.<\/li>\n<li><b>No est\u00e1 interesado en historias ni en pol\u00edtica interna<\/b>. Todo lo que quiere es competir y dar lo mejor de s\u00ed mismo en cada carrera. Esta actitud es la que realmente define a un campe\u00f3n.<\/li>\n<li><b>A pesar de la presi\u00f3n, Checo ha demostrado su valent\u00eda y determinaci\u00f3n<\/b>. Se ha enfrentado a un ultim\u00e1tum, pero en lugar de rendirse, est\u00e1 m\u00e1s decidido que nunca a demostrar su val\u00eda.<\/li>\n<\/ul>\n<h2>El Futuro de Checo P\u00e9rez en Red Bull<\/h2>\n<p>Los rumores y las especulaciones son parte del deporte, especialmente en la F\u00f3rmula 1. Pero al final del d\u00eda, lo que realmente importa es el talento, la habilidad y la determinaci\u00f3n de un piloto. Y Checo P\u00e9rez tiene todo eso en abundancia.<\/p>\n<p>Independientemente de lo que digan los informes, <b>Checo P\u00e9rez es un activo valioso para cualquier equipo de F1<\/b>. Su talento, experiencia y esp\u00edritu de lucha son invaluables.<\/p>\n<p>A pesar de los desaf\u00edos, <b>Checo mantiene la cabeza alta y sigue adelante<\/b>. Eso es lo que realmente define a un campe\u00f3n: la capacidad de superar los obst\u00e1culos y seguir luchando, sin importar cu\u00e1n dif\u00edciles sean las circunstancias.<\/p>\n<h2>En Apoyo a Checo P\u00e9rez<\/h2>\n<p>Como fan\u00e1ticos de la F\u00f3rmula 1, es importante apoyar a nuestros pilotos favoritos en los buenos y malos momentos. Checo P\u00e9rez ha demostrado ser un verdadero guerrero en la pista, y merece nuestro apoyo incondicional, algo que muchos hispanos parecen haber olvidado, dadas las cr\u00edticas que est\u00e1 recibiendo en las \u00faltimas semanas de aficionados a la F1 que no saben como funciona el gran circo de la F1.<\/p>","protected":false},"excerpt":{"rendered":"<p>Los dise\u00f1os del equipo RedBull para Sergio P\u00e9rez y el GP de M\u00e9xico no gustaron mucho, os los ense\u00f1amos as\u00ed como las reacciones de la afici\u00f3n en redes sociales. Tambi\u00e9n es noticia: El despido de Helmut Marko RedBull. El Desaf\u00edo de la Mercanc\u00eda de Checo P\u00e9rez: Reacciones y Controversias Recientemente, la escuder\u00eda Red Bull decidi\u00f3 [&hellip;]<\/p>\n","protected":false},"author":2,"featured_media":84337,"comment_status":"open","ping_status":"closed","sticky":false,"template":"","format":"standard","meta":{"footnotes":""},"categories":[36,49],"tags":[],"class_list":["post-84334","post","type-post","status-publish","format-standard","has-post-thumbnail","hentry","category-formula-1","category-noticias-formula-1"],"aioseo_notices":[],"_links":{"self":[{"href":"https:\/\/sportmaniaticos.com\/index.php?rest_route=\/wp\/v2\/posts\/84334","targetHints":{"allow":["GET"]}}],"collection":[{"href":"https:\/\/sportmaniaticos.com\/index.php?rest_route=\/wp\/v2\/posts"}],"about":[{"href":"https:\/\/sportmaniaticos.com\/index.php?rest_route=\/wp\/v2\/types\/post"}],"author":[{"embeddable":true,"href":"https:\/\/sportmaniaticos.com\/index.php?rest_route=\/wp\/v2\/users\/2"}],"replies":[{"embeddable":true,"href":"https:\/\/sportmaniaticos.com\/index.php?rest_route=%2Fwp%2Fv2%2Fcomments&post=84334"}],"version-history":[{"count":0,"href":"https:\/\/sportmaniaticos.com\/index.php?rest_route=\/wp\/v2\/posts\/84334\/revisions"}],"wp:featuredmedia":[{"embeddable":true,"href":"https:\/\/sportmaniaticos.com\/index.php?rest_route=\/wp\/v2\/media\/84337"}],"wp:attachment":[{"href":"https:\/\/sportmaniaticos.com\/index.php?rest_route=%2Fwp%2Fv2%2Fmedia&parent=84334"}],"wp:term":[{"taxonomy":"category","embeddable":true,"href":"https:\/\/sportmaniaticos.com\/index.php?rest_route=%2Fwp%2Fv2%2Fcategories&post=84334"},{"taxonomy":"post_tag","embeddable":true,"href":"https:\/\/sportmaniaticos.com\/index.php?rest_route=%2Fwp%2Fv2%2Ftags&post=84334"}],"curies":[{"name":"wp","href":"https:\/\/api.w.org\/{rel}","templated":true}]}}